[{"@context":"https:\/\/schema.org\/","@type":"Article","@id":"https:\/\/www.kotary.cz\/novy-mobilni-telefon\/#Article","mainEntityOfPage":"https:\/\/www.kotary.cz\/novy-mobilni-telefon\/","headline":"Nov\u00fd mobiln\u00ed telefon","name":"Nov\u00fd mobiln\u00ed telefon","description":"Pamatuji si, kdy\u017e mi moje m\u00e1ma po\u0159\u00eddila m\u016fj prvn\u00ed mobiln\u00ed telefon. To mi bylo asi\u00a0t\u0159in\u00e1ct\u00a0anebo\u00a0\u010dtrn\u00e1ct\u00a0let. A abych se v\u00e1m p\u0159iznala, byla jsem v sedm\u00e9m nebi a nev\u011bd\u011bla jsem ani, jak moj\u00ed mamince pod\u011bkovat. Byla jsem naprosto nad\u0161en\u00e1, \u017ee u\u017e m\u00e1m kone\u010dn\u011b vlastn\u00ed mobiln\u00ed telefon a mus\u00edm v\u00e1m \u0159\u00edct, \u017ee to nebyl \u00fapln\u011b oby\u010dejn\u00fd mobil. Byl...","datePublished":"2022-07-05","dateModified":"2023-04-29","author":{"@type":"Person","@id":"https:\/\/www.kotary.cz\/author\/#Person","name":"","url":"https:\/\/www.kotary.cz\/author\/","identifier":1,"image":{"@type":"ImageObject","@id":"https:\/\/secure.gravatar.com\/avatar\/b86e461e91a792eb6523c2667396c9868de382fea5dd80e25dc0d9e030173b65?s=96&d=mm&r=g","url":"https:\/\/secure.gravatar.com\/avatar\/b86e461e91a792eb6523c2667396c9868de382fea5dd80e25dc0d9e030173b65?s=96&d=mm&r=g","height":96,"width":96}},"publisher":{"@type":"Organization","name":"kotary.cz","logo":{"@type":"ImageObject","@id":"\/logo.png","url":"\/logo.png","width":600,"height":60}},"image":{"@type":"ImageObject","@id":"https:\/\/www.kotary.cz\/wp-content\/uploads\/youtube-2617510_960_720_5.jpg","url":"https:\/\/www.kotary.cz\/wp-content\/uploads\/youtube-2617510_960_720_5.jpg","height":0,"width":0},"url":"https:\/\/www.kotary.cz\/novy-mobilni-telefon\/","about":["Mobil"],"wordCount":415,"articleBody":"Pamatuji si, kdy\u017e mi moje m\u00e1ma po\u0159\u00eddila m\u016fj prvn\u00ed mobiln\u00ed telefon. To mi bylo asi\u00a0t\u0159in\u00e1ct\u00a0anebo\u00a0\u010dtrn\u00e1ct\u00a0let. A abych se v\u00e1m p\u0159iznala, byla jsem v sedm\u00e9m nebi a nev\u011bd\u011bla jsem ani, jak moj\u00ed mamince pod\u011bkovat. Byla jsem naprosto nad\u0161en\u00e1, \u017ee u\u017e m\u00e1m kone\u010dn\u011b vlastn\u00ed mobiln\u00ed telefon a mus\u00edm v\u00e1m \u0159\u00edct, \u017ee to nebyl \u00fapln\u011b oby\u010dejn\u00fd mobil. Byl to skv\u011bl\u00fd mobil, kter\u00fd u\u017e m\u011bl barevn\u00fd displej a byl ploch\u00fd a m\u011bl taky fotoapar\u00e1t. A taky moje sestra, kter\u00e1 byla o dva roky mlad\u0161\u00ed, tak ta m\u011bla \u00fapln\u011b oby\u010dejn\u00fd tla\u010d\u00edtkov\u00fd mobiln\u00ed telefon. A m\u011bla mobil d\u0159\u00edv ne\u017e j\u00e1, co\u017e v\u00e1m ihned vysv\u011btl\u00edm.\u00a0 Proto\u017ee rodi\u010de mi star\u00fd tla\u010d\u00edtkov\u00fd mobil taky nab\u00edzeli, ale j\u00e1 jsem ho necht\u011bla. P\u0159eci se nebudu ztrap\u0148ovat mezi kamar\u00e1dy a pak i ve \u0161kole, \u017ee bych jedin\u00e1 z cel\u00e9 \u0161koly a snad taky z party a z ulice m\u011bla oby\u010dejn\u00fd tla\u010d\u00edtkov\u00fd mobil, kter\u00fd v\u00e1\u017e\u00ed opravdu hodn\u011b. Necht\u011bla jsem ho.V\u017edy\u0165 takov\u00fd mobil se ned\u00e1 nosit ani v kapse. A jak jsem byla r\u00e1da, \u017ee mi maminka po\u0159\u00eddila chytr\u00fd ploch\u00fd mobiln\u00ed telefon, tak jsem ho \u0161la ihned uk\u00e1zat kamar\u00e1dce. Byla jsem nad\u0161en\u00e1 a t\u011b\u0161ila jsem se, co mi kamar\u00e1dka na ten mobiln\u00ed telefon \u0159ekne. A jak\u00fd jsem tak sp\u011bchala, tak jsem zakopla o chodn\u00edk a spadla jsem. A vy u\u017e nyn\u00ed v\u00edte, co se asi stalo.Ano, bylo to tak. Mobil mi spadl na zem a cel\u00fd displej mi\u00a0k\u0159upnul. Byla jsem z toho ne\u0161\u0165astn\u00e1. M\u011bla jsem od\u0159en\u00e1 ob\u011b kolena a taky vyvrknut\u00fd kotn\u00edk, ale to m\u011b v\u016fbec nezaj\u00edmalo. M\u011b vadilo to, \u017ee m\u00e1m zni\u010den\u00fd mobiln\u00ed telefon, kter\u00e9 jsem m\u011bla ani ne hodinu. A byla jsem v \u0161oku a kdy\u017e se tohle dozv\u011bd\u011bla moje m\u00e1ma, tak byla na\u0161tvan\u00e1 ale taky ji to mrzelo z\u00e1rove\u0148. Mrzelo j\u00ed, \u017ee jsem zase smutn\u00e1 a \u0161tvalo j\u00ed, \u017ee m\u00e1 zni\u010den\u00e9 drah\u00fd mobil, proto\u017ee tento mobiln\u00ed telefon mi koupila maminka, za poctiv\u011b vyd\u011blan\u00e9 svoje. A u\u017e je tomu deset let zp\u00e1tky, ale st\u00e1le na to mysl\u00edm a je mi z toho smutno. Taky se v\u00e1m n\u011bkdy stalo n\u011bco podobn\u00e9ho?\u00a0                                                                                                                                                                                                                                                                                                                                                                                        4.4\/5 - (5 votes)        "},{"@context":"https:\/\/schema.org\/","@type":"BreadcrumbList","itemListElement":[{"@type":"ListItem","position":1,"name":"Nov\u00fd mobiln\u00ed telefon","item":"https:\/\/www.kotary.cz\/novy-mobilni-telefon\/#breadcrumbitem"}]}]