[{"@context":"https:\/\/schema.org\/","@type":"Article","@id":"https:\/\/www.kotary.cz\/ubytujte-se-v-lokti-a-okoli-a-poznejte-tento-sverazny-kraj\/#Article","mainEntityOfPage":"https:\/\/www.kotary.cz\/ubytujte-se-v-lokti-a-okoli-a-poznejte-tento-sverazny-kraj\/","headline":"Ubytujte se v Lokti a okol\u00ed a poznejte tento sv\u00e9r\u00e1zn\u00fd kraj","name":"Ubytujte se v Lokti a okol\u00ed a poznejte tento sv\u00e9r\u00e1zn\u00fd kraj","description":"Hrad vznikl na popud kr\u00e1le Vladislava II. ji\u017e ke konci 12. stolet\u00ed, d\u016fvodem k jeho vzniku byla slo\u017eit\u00e1 situace na z\u00e1padn\u00edch hranic\u00edch, kde n\u011bmeck\u00fd markrab\u00ed D\u011bpolt z Vohburgu zab\u00edral \u00fazem\u00ed \u010desk\u00e9ho kr\u00e1lovstv\u00ed \u010dast\u00fdmi pr\u016fniky a postupnou kolonizac\u00ed. Loket se tehdy stal pevnou oporou t\u00e9to oblasti, kter\u00e1 zes\u00edlila v dob\u011b panov\u00e1n\u00ed P\u0159emysla Otakara II., tehdy byl...","datePublished":"2019-03-22","dateModified":"2023-04-29","author":{"@type":"Person","@id":"https:\/\/www.kotary.cz\/author\/#Person","name":"","url":"https:\/\/www.kotary.cz\/author\/","identifier":1,"image":{"@type":"ImageObject","@id":"https:\/\/secure.gravatar.com\/avatar\/b86e461e91a792eb6523c2667396c9868de382fea5dd80e25dc0d9e030173b65?s=96&d=mm&r=g","url":"https:\/\/secure.gravatar.com\/avatar\/b86e461e91a792eb6523c2667396c9868de382fea5dd80e25dc0d9e030173b65?s=96&d=mm&r=g","height":96,"width":96}},"publisher":{"@type":"Organization","name":"kotary.cz","logo":{"@type":"ImageObject","@id":"\/logo.png","url":"\/logo.png","width":600,"height":60}},"image":{"@type":"ImageObject","@id":"https:\/\/www.kotary.cz\/wp-content\/uploads\/img_a342593_w1699_t1555413619.jpg","url":"https:\/\/www.kotary.cz\/wp-content\/uploads\/img_a342593_w1699_t1555413619.jpg","height":0,"width":0},"url":"https:\/\/www.kotary.cz\/ubytujte-se-v-lokti-a-okoli-a-poznejte-tento-sverazny-kraj\/","about":["Byznys"],"wordCount":382,"articleBody":"       Hrad vznikl na popud kr\u00e1le Vladislava II. ji\u017e ke konci 12. stolet\u00ed, d\u016fvodem k jeho vzniku byla slo\u017eit\u00e1 situace na z\u00e1padn\u00edch hranic\u00edch, kde n\u011bmeck\u00fd markrab\u00ed D\u011bpolt z Vohburgu zab\u00edral \u00fazem\u00ed \u010desk\u00e9ho kr\u00e1lovstv\u00ed \u010dast\u00fdmi pr\u016fniky a postupnou kolonizac\u00ed. Loket se tehdy stal pevnou oporou t\u00e9to oblasti, kter\u00e1 zes\u00edlila v dob\u011b panov\u00e1n\u00ed P\u0159emysla Otakara II., tehdy byl hradn\u00ed komplex p\u0159estav\u011bn a roz\u0161\u00ed\u0159en zhruba do dne\u0161n\u00ed podoby. M\u011bstsk\u00e1 s\u00fdpka a v\u011bznice V 15. stolet\u00ed \u010d\u00e1ste\u010dn\u011b po\u0161kodil tuto pevnost po\u017e\u00e1r, kter\u00fd se \u0161\u00ed\u0159il z jednoho z dom\u016f v podhrad\u00ed, ov\u0161em hradn\u00ed celek z\u016fstal zachov\u00e1n a podrobil se pak renesan\u010dn\u00edm \u00faprav\u00e1m v dob\u011b, kdy jej spravovali \u0160likov\u00e9. V polovin\u011b sedmn\u00e1ct\u00e9ho stolet\u00ed bylo pos\u00edleno opevn\u011bn\u00ed a t\u00e9m\u011b\u0159 cel\u00fdch sto let za\u017e\u00edval objekt nejv\u011bt\u0161\u00ed rozkv\u011bt. Za\u010d\u00e1tek \u00fapadku p\u0159i\u0161el po po\u017e\u00e1ru, v roce 1725, ten cel\u00fd komplex zna\u010dn\u011b po\u0161kodil a hrad pak slou\u017eil jako m\u011bstsk\u00fd sklad obil\u00ed. Od po\u010d\u00e1tku 19. stolet\u00ed byl pak vyu\u017e\u00edv\u00e1n po stavebn\u00edch p\u0159estavb\u00e1ch interi\u00e9ru jako m\u011bstsk\u00e1 v\u011bznice a tomuto \u00fa\u010delu byl n\u00e1sledn\u011b ob\u011btov\u00e1n cel\u00fdch dlouh\u00fdch 150 let. Od roku 1950 je prohl\u00e1\u0161en za pam\u00e1tkovou stavbu a sou\u010dasn\u011b byl jmenov\u00e1n m\u011bstskou pam\u00e1tkovou rezervac\u00ed. M\u011bstsk\u00e1 pam\u00e1tkov\u00e1 rezervace obehnan\u00e1 hradbami K nejv\u00edce p\u016fsobiv\u00fdm z\u00e1\u017eitk\u016fm pat\u0159\u00ed pobyt v historick\u00e9m centru na Masarykov\u011b n\u00e1m\u011bst\u00ed, uzav\u0159en\u00e9m renesan\u010dn\u00edmi fas\u00e1dami kamenn\u00fdch dom\u016f. Ubytov\u00e1n\u00ed Loket a okol\u00ed b\u00fdv\u00e1 nezapomenuteln\u00e9, centrum m\u011bsta je pova\u017eov\u00e1no za klenot z\u00e1padn\u00edch \u010cech. Pam\u00e1tkov\u00e1 rezervace je koncipov\u00e1na jako kruhov\u00fd \u00fatvar v \u0159\u00ed\u010dn\u00edm ohybu, sev\u0159en\u00fd \u0159ekou Oh\u0159\u00ed od severoz\u00e1padu a\u017e k severov\u00fdchodu. Meandr odd\u011bluje pouze dv\u011b st\u011b metr\u016f \u0161irok\u00e1 skaln\u00ed pr\u016frva obehnan\u00e1 zachoval\u00fdmi m\u011bstsk\u00fdmi hradbami. Proch\u00e1zky pod\u00e9l centra s v\u00fdhledem na \u0159eku a okoln\u00ed zalesn\u011bn\u00fd ter\u00e9n jsou velice p\u016fsobiv\u00e9, zvl\u00e1\u0161t\u011b v podve\u010der, kdy jsou domy osv\u011btleny, a kdy vynikne jejich neobvykl\u00e1 kr\u00e1sa.                                                                                                                                                                                                                                                                                                                                                                                          4.5\/5 - (12 votes)        "},{"@context":"https:\/\/schema.org\/","@type":"BreadcrumbList","itemListElement":[{"@type":"ListItem","position":1,"name":"Ubytujte se v Lokti a okol\u00ed a poznejte tento sv\u00e9r\u00e1zn\u00fd kraj","item":"https:\/\/www.kotary.cz\/ubytujte-se-v-lokti-a-okoli-a-poznejte-tento-sverazny-kraj\/#breadcrumbitem"}]}]