[{"@context":"https:\/\/schema.org\/","@type":"Article","@id":"https:\/\/www.kotary.cz\/zeny-aktivnimi-ridickami\/#Article","mainEntityOfPage":"https:\/\/www.kotary.cz\/zeny-aktivnimi-ridickami\/","headline":"\u017deny aktivn\u00edmi \u0159idi\u010dkami","name":"\u017deny aktivn\u00edmi \u0159idi\u010dkami","description":"Zpozorovali jste, \u017ee m\u00edt \u0159idi\u010d\u00e1k je i v\u00a021. stolet\u00ed st\u00e1le sp\u00ed\u0161e v\u00fdsadou mu\u017e\u016f? Ne. A v\u00edte o tom, \u017ee spousta \u017een \u0159idi\u010dsk\u00fd pr\u016fkaz ani nevlastn\u00ed a vlastnit ho necht\u011bj\u00ed. Jsou tak\u00e9 \u017eeny, kter\u00e9 \u0159idi\u010dsk\u00fd pr\u016fkaz vlastn\u00ed, ale aktivn\u011b ne\u0159\u00edd\u00ed. Pro\u010d tomu tak je a \u010deho se \u017eeny vlastn\u011b boj\u00ed? Je tomu tak po cel\u00e9 desetilet\u00ed:...","datePublished":"2019-06-15","dateModified":"2023-04-29","author":{"@type":"Person","@id":"https:\/\/www.kotary.cz\/author\/#Person","name":"","url":"https:\/\/www.kotary.cz\/author\/","identifier":1,"image":{"@type":"ImageObject","@id":"https:\/\/secure.gravatar.com\/avatar\/b86e461e91a792eb6523c2667396c9868de382fea5dd80e25dc0d9e030173b65?s=96&d=mm&r=g","url":"https:\/\/secure.gravatar.com\/avatar\/b86e461e91a792eb6523c2667396c9868de382fea5dd80e25dc0d9e030173b65?s=96&d=mm&r=g","height":96,"width":96}},"publisher":{"@type":"Organization","name":"kotary.cz","logo":{"@type":"ImageObject","@id":"\/logo.png","url":"\/logo.png","width":600,"height":60}},"image":{"@type":"ImageObject","@id":"https:\/\/www.kotary.cz\/wp-content\/uploads\/img_a349402_w2332_t1564342995.jpg","url":"https:\/\/www.kotary.cz\/wp-content\/uploads\/img_a349402_w2332_t1564342995.jpg","height":0,"width":0},"url":"https:\/\/www.kotary.cz\/zeny-aktivnimi-ridickami\/","about":["\u017deny"],"wordCount":444,"articleBody":"\tZpozorovali jste, \u017ee m\u00edt \u0159idi\u010d\u00e1k je i v\u00a021. stolet\u00ed st\u00e1le sp\u00ed\u0161e v\u00fdsadou mu\u017e\u016f? Ne. A v\u00edte o tom, \u017ee spousta \u017een \u0159idi\u010dsk\u00fd pr\u016fkaz ani nevlastn\u00ed a vlastnit ho necht\u011bj\u00ed. Jsou tak\u00e9 \u017eeny, kter\u00e9 \u0159idi\u010dsk\u00fd pr\u016fkaz vlastn\u00ed, ale aktivn\u011b ne\u0159\u00edd\u00ed. Pro\u010d tomu tak je a \u010deho se \u017eeny vlastn\u011b boj\u00ed?\tJe tomu tak po cel\u00e9 desetilet\u00ed: mu\u017e \u0159\u00edd\u00ed, \u017eena sed\u00ed u spolujezdce, mu\u017e z\u00e1vod\u00ed a \u017eena mu na tribun\u011b fand\u00ed, mu\u017ei se st\u00e1vaj\u00ed automechaniky a \u017eeny jim chystaj\u00ed sva\u010diny do pr\u00e1ce, pro mu\u017ee je automobil kon\u00ed\u010dkem, \u017eena rad\u011bji okop\u00e1v\u00e1 zahr\u00e1dku. \u017dijeme po\u0159\u00e1d v\u00a0tomto stereotypu? Ano. Pro \u017eeny nen\u00ed auto kon\u00ed\u010dkem, u kter\u00e9ho by cht\u011bly tr\u00e1vit \u010das a ani pro n\u011b nen\u00ed prioritou tento dopravn\u00ed prost\u0159edek ovl\u00e1dat\/\u0159\u00eddit.\t\tAno, po\u0159\u00e1d plat\u00ed, \u017ee v\u00fdjimka potvrzuje pravidlo. Najdou se i \u017eeny, kter\u00e9 miluj\u00ed \u0159\u00edzen\u00ed, kter\u00e9 r\u00e1dy, \u010dasto a aktivn\u011b \u0159\u00edd\u00ed, kter\u00e9 si sv\u00e9 auto h\u00fd\u010dkaj\u00ed a kter\u00e9 mnohdy v\u016fz ovl\u00e1daj\u00ed l\u00e9pe, jak samotn\u00ed mu\u017ei, ale \u010dast\u011bji se setk\u00e1v\u00e1me s\u00a0jin\u00fdm modelem.\t\u017dena si ud\u011bl\u00e1 \u0159idi\u010dsk\u00fd pr\u016fkaz, odjezd\u00ed j\u00edzdy v\u00a0auto\u0161kole a co d\u00e1le? Koup\u00ed si hned sv\u016fj v\u016fz? V\u011bt\u0161inou ne. Ob\u010das si p\u016fj\u010d\u00ed auto od rodiny nebo partnera, n\u011bkdy pom\u016f\u017ee od\u0159\u00eddit n\u011bjakou del\u0161\u00ed trasu, ale hlavn\u00edm \u0161of\u00e9rem rodiny je po\u0159\u00e1d mu\u017e.\t\u017deny se boj\u00ed \u0159\u00eddit, jsou opatrn\u00e9, nemaj\u00ed to spr\u00e1vn\u00e9 c\u00edt\u011bn\u00ed, aby odhadly situaci. Dnes a denn\u011b se setk\u00e1v\u00e1me se situac\u00ed, kdy \u017eena zpomaluje provoz na silnici, kdy je vytroubena \u0159idi\u010dem mu\u017esk\u00e9ho pohlav\u00ed, kdy nem\u016f\u017ee zaparkovat na v\u0161ech m\u00edstech, proto\u017ee tam nem\u016f\u017ee auto spr\u00e1vn\u011b vmanipulovat. Pokud \u017eena p\u0159ev\u00e1\u017e\u00ed v\u00a0aut\u011b nap\u0159. je\u0161t\u011b sv\u00e9 vlastn\u00ed potomky, strach nar\u016fst\u00e1. \u017deny maj\u00ed strach a v\u0161echny tyto situace je jen utvrd\u00ed v\u00a0tom, \u017ee se p\u0159i \u0159\u00edzen\u00ed nec\u00edt\u00ed jist\u011b a bezpe\u010dn\u011b.\t\tA pr\u00e1v\u011b v\u00a0ten moment, kdy se \u017eeny nec\u00edt\u00ed p\u0159i \u0159\u00edzen\u00ed jist\u011b a bezpe\u010dn\u011b, spousta z\u00a0nich od \u0159\u00edzen\u00ed opou\u0161t\u00ed a rad\u011bji se st\u00e1vaj\u00ed aktivn\u00edmi spolujezdci nebo vyu\u017e\u00edvaj\u00ed jin\u00fd druh dopravy. \u017dena, kter\u00e1 aktivn\u011b ne\u0159\u00edd\u00ed, usedne po p\u00e1r m\u011bs\u00edc\u00edch, letech, 1x nebo 2x do roka za volant a v\u00a0ten moment je vlastn\u011b nebezpe\u010dn\u00e1 sob\u011b i ostatn\u00edm.\tZa volant by m\u011bli sedat jen aktivn\u00ed \u0159idi\u010di, mu\u017ei nebo \u017eeny.                                                                                                                                                                                                                                                                                                                                                                                        4.3\/5 - (6 votes)        "},{"@context":"https:\/\/schema.org\/","@type":"BreadcrumbList","itemListElement":[{"@type":"ListItem","position":1,"name":"\u017deny aktivn\u00edmi \u0159idi\u010dkami","item":"https:\/\/www.kotary.cz\/zeny-aktivnimi-ridickami\/#breadcrumbitem"}]}]